{"id":57404,"date":"2026-04-24T09:53:11","date_gmt":"2026-04-24T07:53:11","guid":{"rendered":"https:\/\/spsiennica.pl\/?p=57404"},"modified":"2026-04-27T09:57:38","modified_gmt":"2026-04-27T07:57:38","slug":"minecraftowa-geografia-pelna-kreatywnosci-uczniow-kreatywni-2026","status":"publish","type":"post","link":"https:\/\/spsiennica.pl\/index.php\/2026\/04\/24\/minecraftowa-geografia-pelna-kreatywnosci-uczniow-kreatywni-2026\/","title":{"rendered":"Minecraftowa geografia pe\u0142na kreatywno\u015bci uczni\u00f3w \u2013 Kreatywni 2026"},"content":{"rendered":"\n<p>W pi\u0105tek odby\u0142o si\u0119 wyj\u0105tkowe spotkanie b\u0119d\u0105ce podsumowaniem Tygodnia Kreatywno\u015bci. Wydarzenie poprzedzone by\u0142o \u201e\u017byw\u0105 map\u0105\u201d, podczas kt\u00f3rej uczniowie klas 4\u20138 w symboliczny spos\u00f3b przedstawili zr\u00f3\u017cnicowanie wysoko\u015bci na \u015bwiecie oraz w najbli\u017cszym otoczeniu. Spo\u015br\u00f3d uczni\u00f3w ka\u017cdej klasy wy\u0142oniono najwy\u017cszych, kt\u00f3rzy wcielili si\u0119 w \u201enajwy\u017csze szczyty\u201d \u2013 od najwy\u017cszego szczytu \u015bwiata a\u017c po najwy\u017csze wzniesienie w gminie Siennica R\u00f3\u017cana. Podsumowanie warsztatu \u201ePoezji z recyklingu\u201d przedstawi\u0142a pani Monika, zwracaj\u0105c uwag\u0119 na ogromn\u0105 kreatywno\u015b\u0107 uczni\u00f3w, umiej\u0119tno\u015b\u0107 nadawania nowego znaczenia pozornie niepotrzebnym materia\u0142om oraz wra\u017cliwo\u015b\u0107 j\u0119zykow\u0105 i pomys\u0142owo\u015b\u0107 w tworzeniu oryginalnych tekst\u00f3w. Nast\u0119pnie zaprezentowano efekty pracy w ramach \u201eMinecraftowej geografii\u201d. Projekt przebiega\u0142 pod tym w\u0142a\u015bnie has\u0142em i polega\u0142 na przedstawieniu fragmentu gminy Siennica R\u00f3\u017cana w r\u00f3\u017cnych strefach klimatycznych. Prace wykonane w \u015brodowisku gry Minecraft wyr\u00f3\u017cnia\u0142y si\u0119 pomys\u0142owo\u015bci\u0105, r\u00f3\u017cnorodno\u015bci\u0105 oraz du\u017cym zaanga\u017cowaniem, a zastosowanie gry pozwoli\u0142o na tw\u00f3rcze po\u0142\u0105czenie wiedzy geograficznej z nowoczesnymi narz\u0119dziami cyfrowymi. Prace zosta\u0142y ocenione przez jury, kt\u00f3re po wnikliwej analizie wy\u0142oni\u0142o zwyci\u0119zc\u00f3w:<\/p>\n\n\n\n<p>I miejsce \u2013 dru\u017cyna z klasy VIII: Kaspian Proskura, Karol Pstr\u0105gowski<\/p>\n\n\n\n<p>II miejsce ex aequo \u2013<br>\u2022 dru\u017cyna z klasy VII b: Dawid Krasa, Damian Bielak, Szymon Bogusz, Micha\u0142 Matyjas<br>\u2022 dru\u017cyna z klasy VIII: Micha\u0142 Bis, Mateusz \u017bo\u0142nacz, Kacper Kot, Maciej B\u0142aszczuk<\/p>\n\n\n\n<p>III miejsce ex aequo \u2013<br>\u2022 dru\u017cyna z klasy VI a: Lena Krawczuk, Julia Jarosiewicz, Zuzanna Malinowska<br>\u2022 Micha\u0142 Kwa\u015bnik, Szymon Mazurek<\/p>\n\n\n\n<p>Pani Dyrektor wr\u0119czy\u0142a nagrodzonym uczniom dyplomy, a dodatkowo otrzymali oni oceny celuj\u0105ce i bardzo dobre zar\u00f3wno z geografii, jak i informatyki. Opraw\u0119 wydarzenia, a zarazem ca\u0142ego tygodnia, stanowi\u0142o has\u0142o III edycji \u201eKreatywni 2026\u201d, kt\u00f3re towarzyszy\u0142o uczniom ka\u017cdego dnia. Jego efektowne litery zosta\u0142y wykonane przez uczestnik\u00f3w zaj\u0119\u0107 plastycznych pod kierunkiem pani Jadwigi Litkowskiej. Na zako\u0144czenie Pni Dyrektor odnios\u0142a si\u0119 do przebiegu ca\u0142ego Tygodnia Kreatywno\u015bci, zwracaj\u0105c uwag\u0119 na r\u00f3\u017cnorodno\u015b\u0107 dzia\u0142a\u0144, ich efekty oraz du\u017ce zaanga\u017cowanie uczni\u00f3w. Podkre\u015bli\u0142a znaczenie tw\u00f3rczego my\u015blenia, samodzielno\u015bci i wsp\u00f3\u0142pracy, kt\u00f3re rozwijaj\u0105 si\u0119 podczas takich inicjatyw i maj\u0105 realny wp\u0142yw na spos\u00f3b uczenia si\u0119 oraz odkrywania w\u0142asnych mo\u017cliwo\u015bci. Ca\u0142e spotkanie by\u0142o inspiruj\u0105cym zwie\u0144czeniem Tygodnia Kreatywno\u015bci, pokazuj\u0105cym, jak wiele mo\u017cna osi\u0105gn\u0105\u0107 dzi\u0119ki zaanga\u017cowaniu, pomys\u0142owo\u015bci i wsp\u00f3lnej pracy.<\/p>\n\n\n\n<p class=\"has-text-align-right\">Renata Malczewska<\/p>\n\n\n\n<!--more-->\n\n\n\nngg_shortcode_0_placeholder\n","protected":false},"excerpt":{"rendered":"<p>W pi\u0105tek odby\u0142o si\u0119 wyj\u0105tkowe spotkanie b\u0119d\u0105ce podsumowaniem Tygodnia Kreatywno\u015bci. Wydarzenie poprzedzone by\u0142o \u201e\u017byw\u0105 map\u0105\u201d, podczas kt\u00f3rej uczniowie klas 4\u20138 w symboliczny spos\u00f3b przedstawili zr\u00f3\u017cnicowanie wysoko\u015bci na \u015bwiecie oraz w najbli\u017cszym otoczeniu. Spo\u015br\u00f3d uczni\u00f3w ka\u017cdej klasy wy\u0142oniono najwy\u017cszych, kt\u00f3rzy wcielili si\u0119 w \u201enajwy\u017csze szczyty\u201d \u2013 od najwy\u017cszego szczytu \u015bwiata a\u017c po najwy\u017csze wzniesienie w gminie [&hellip;]<\/p>\n","protected":false},"author":2,"featured_media":57422,"comment_status":"closed","ping_status":"closed","sticky":false,"template":"","format":"standard","meta":{"ngg_post_thumbnail":34417,"footnotes":""},"categories":[74],"tags":[],"class_list":["post-57404","post","type-post","status-publish","format-standard","has-post-thumbnail","hentry","category-szkola-podstawowa"],"uagb_featured_image_src":{"full":["https:\/\/spsiennica.pl\/wp-content\/uploads\/2026\/04\/nggallery_import\/piatek_20-scaled.jpg",2560,1707,false],"thumbnail":["https:\/\/spsiennica.pl\/wp-content\/uploads\/2026\/04\/nggallery_import\/piatek_20-150x150.jpg",150,150,true],"medium":["https:\/\/spsiennica.pl\/wp-content\/uploads\/2026\/04\/nggallery_import\/piatek_20-300x200.jpg",300,200,true],"medium_large":["https:\/\/spsiennica.pl\/wp-content\/uploads\/2026\/04\/nggallery_import\/piatek_20-768x512.jpg",768,512,true],"large":["https:\/\/spsiennica.pl\/wp-content\/uploads\/2026\/04\/nggallery_import\/piatek_20-1024x683.jpg",1024,683,true],"1536x1536":["https:\/\/spsiennica.pl\/wp-content\/uploads\/2026\/04\/nggallery_import\/piatek_20-1536x1024.jpg",1536,1024,true],"2048x2048":["https:\/\/spsiennica.pl\/wp-content\/uploads\/2026\/04\/nggallery_import\/piatek_20-2048x1365.jpg",2048,1365,true],"post-thumbnail":["https:\/\/spsiennica.pl\/wp-content\/uploads\/2026\/04\/nggallery_import\/piatek_20-700x480.jpg",700,480,true]},"uagb_author_info":{"display_name":"Przemys\u0142aw Kucharski","author_link":"https:\/\/spsiennica.pl\/index.php\/author\/przemek\/"},"uagb_comment_info":0,"uagb_excerpt":"W pi\u0105tek odby\u0142o si\u0119 wyj\u0105tkowe spotkanie b\u0119d\u0105ce podsumowaniem Tygodnia Kreatywno\u015bci. Wydarzenie poprzedzone by\u0142o \u201e\u017byw\u0105 map\u0105\u201d, podczas kt\u00f3rej uczniowie klas 4\u20138 w symboliczny spos\u00f3b przedstawili zr\u00f3\u017cnicowanie wysoko\u015bci na \u015bwiecie oraz w najbli\u017cszym otoczeniu. Spo\u015br\u00f3d uczni\u00f3w ka\u017cdej klasy wy\u0142oniono najwy\u017cszych, kt\u00f3rzy wcielili si\u0119 w \u201enajwy\u017csze szczyty\u201d \u2013 od najwy\u017cszego szczytu \u015bwiata a\u017c po najwy\u017csze wzniesienie w gminie&hellip;","_links":{"self":[{"href":"https:\/\/spsiennica.pl\/index.php\/wp-json\/wp\/v2\/posts\/57404","targetHints":{"allow":["GET"]}}],"collection":[{"href":"https:\/\/spsiennica.pl\/index.php\/wp-json\/wp\/v2\/posts"}],"about":[{"href":"https:\/\/spsiennica.pl\/index.php\/wp-json\/wp\/v2\/types\/post"}],"author":[{"embeddable":true,"href":"https:\/\/spsiennica.pl\/index.php\/wp-json\/wp\/v2\/users\/2"}],"replies":[{"embeddable":true,"href":"https:\/\/spsiennica.pl\/index.php\/wp-json\/wp\/v2\/comments?post=57404"}],"version-history":[{"count":1,"href":"https:\/\/spsiennica.pl\/index.php\/wp-json\/wp\/v2\/posts\/57404\/revisions"}],"predecessor-version":[{"id":57423,"href":"https:\/\/spsiennica.pl\/index.php\/wp-json\/wp\/v2\/posts\/57404\/revisions\/57423"}],"wp:featuredmedia":[{"embeddable":true,"href":"https:\/\/spsiennica.pl\/index.php\/wp-json\/wp\/v2\/media\/57422"}],"wp:attachment":[{"href":"https:\/\/spsiennica.pl\/index.php\/wp-json\/wp\/v2\/media?parent=57404"}],"wp:term":[{"taxonomy":"category","embeddable":true,"href":"https:\/\/spsiennica.pl\/index.php\/wp-json\/wp\/v2\/categories?post=57404"},{"taxonomy":"post_tag","embeddable":true,"href":"https:\/\/spsiennica.pl\/index.php\/wp-json\/wp\/v2\/tags?post=57404"}],"curies":[{"name":"wp","href":"https:\/\/api.w.org\/{rel}","templated":true}]}}