{"id":57338,"date":"2026-04-22T11:27:00","date_gmt":"2026-04-22T09:27:00","guid":{"rendered":"https:\/\/spsiennica.pl\/?p=57338"},"modified":"2026-04-24T08:36:51","modified_gmt":"2026-04-24T06:36:51","slug":"tworcza-wspolpraca-tworzymy-galerie-zbudowani-z-pomyslow","status":"publish","type":"post","link":"https:\/\/spsiennica.pl\/index.php\/2026\/04\/22\/tworcza-wspolpraca-tworzymy-galerie-zbudowani-z-pomyslow\/","title":{"rendered":"Galeria \u201eZbudowani z pomys\u0142\u00f3w\u201d"},"content":{"rendered":"<p>[vc_row][vc_column][vc_column_text]<\/p>\r\n<p>\u015aroda w ramach Tygodnia Kreatywno\u015bci przebiega\u0142a pod has\u0142em \u201eTw\u00f3rcza wsp\u00f3\u0142praca \u2013 tworzymy galeri\u0119 <em>Zbudowani z pomys\u0142\u00f3w<\/em>\u201d i stanowi\u0142a wyj\u0105tkowy fina\u0142 dzia\u0142a\u0144, do kt\u00f3rych uczniowie przygotowywali si\u0119 przez kilka wcze\u015bniejszych tygodni. Ka\u017cda klasa stworzy\u0142a rze\u017ab\u0119 \u2013 symbol swojej grupy, kt\u00f3ra w kreatywny spos\u00f3b ukazywa\u0142a, jacy jeste\u015bmy, co nas wyr\u00f3\u017cnia, gdzie tkwi nasza si\u0142a oraz z czego potrafimy si\u0119 wsp\u00f3lnie \u015bmia\u0107. R\u00f3\u017cnorodno\u015b\u0107 pomys\u0142\u00f3w by\u0142a ogromna \u2013 ka\u017cda praca by\u0142a inna, niepowtarzalna i pe\u0142na znacze\u0144. Efekty pracy zosta\u0142y zaprezentowane podczas wsp\u00f3lnego spotkania wszystkich klas wraz z wychowawcami, w obecno\u015bci pani Katarzyny Czajki, dyrektor szko\u0142y oraz pani Anny Proskury &#8211; wicedyrektor. By\u0142a to nie tylko prezentacja, ale r\u00f3wnie\u017c okazja do integracji i wzajemnego poznania si\u0119 poprzez tw\u00f3rczo\u015b\u0107. Podsumowania wyst\u0105pie\u0144 dokona\u0142a Pani Dyrektor, kt\u00f3ra z uznaniem odnios\u0142a si\u0119 do zaanga\u017cowania uczni\u00f3w i nauczycieli, podkre\u015blaj\u0105c, \u017ce ka\u017cda z rze\u017ab jest dowodem na ogromn\u0105 wyobra\u017ani\u0119, odwag\u0119 w wyra\u017caniu siebie oraz umiej\u0119tno\u015b\u0107 wsp\u00f3\u0142pracy w grupie. Zwr\u00f3ci\u0142a uwag\u0119, \u017ce takie dzia\u0142ania rozwijaj\u0105 nie tylko kreatywno\u015b\u0107, ale tak\u017ce ucz\u0105 komunikacji, odpowiedzialno\u015bci za wsp\u00f3lny efekt oraz budowania relacji. Doceni\u0142a r\u00f3wnie\u017c r\u00f3\u017cnorodno\u015b\u0107 pomys\u0142\u00f3w, zaznaczaj\u0105c, \u017ce ka\u017cda praca jest wyj\u0105tkowa, poniewa\u017c stoi za ni\u0105 inna historia, emocje i do\u015bwiadczenia danej klasy. Spotkanie zosta\u0142o zorganizowane i przeprowadzone przez pani\u0105 Renat\u0119 Malczewsk\u0105.<\/p>\r\n<p style=\"text-align: right;\">Renata Malczewska<\/p>\r\n<!-- \/wp:paragraph -->\r\n<p>&nbsp;<\/p>\r\n<!-- wp:more -->\r\n<p><br><!--more--><\/p>\r\n<!-- \/wp:more -->\r\n<p>&nbsp;<\/p>\r\n<!-- wp:imagely\/nextgen-gallery -->\r\nngg_shortcode_0_placeholder\r\n<p><br><!-- \/wp:imagely\/nextgen-gallery --><\/p>\r\n<p>[\/vc_column_text][\/vc_column][\/vc_row]<\/p>","protected":false},"excerpt":{"rendered":"<p>[vc_row][vc_column][vc_column_text] \u015aroda w ramach Tygodnia Kreatywno\u015bci przebiega\u0142a pod has\u0142em \u201eTw\u00f3rcza wsp\u00f3\u0142praca \u2013 tworzymy galeri\u0119 Zbudowani z pomys\u0142\u00f3w\u201d i stanowi\u0142a wyj\u0105tkowy fina\u0142 dzia\u0142a\u0144, do kt\u00f3rych uczniowie przygotowywali si\u0119 przez kilka wcze\u015bniejszych tygodni. Ka\u017cda klasa stworzy\u0142a rze\u017ab\u0119 \u2013 symbol swojej grupy, kt\u00f3ra w kreatywny spos\u00f3b ukazywa\u0142a, jacy jeste\u015bmy, co nas wyr\u00f3\u017cnia, gdzie tkwi nasza si\u0142a oraz z [&hellip;]<\/p>\n","protected":false},"author":2,"featured_media":57357,"comment_status":"closed","ping_status":"closed","sticky":false,"template":"","format":"standard","meta":{"ngg_post_thumbnail":34355,"footnotes":""},"categories":[74],"tags":[],"class_list":["post-57338","post","type-post","status-publish","format-standard","has-post-thumbnail","hentry","category-szkola-podstawowa"],"uagb_featured_image_src":{"full":["https:\/\/spsiennica.pl\/wp-content\/uploads\/2026\/04\/nggallery_import\/sroda_07-scaled.jpg",2560,1707,false],"thumbnail":["https:\/\/spsiennica.pl\/wp-content\/uploads\/2026\/04\/nggallery_import\/sroda_07-150x150.jpg",150,150,true],"medium":["https:\/\/spsiennica.pl\/wp-content\/uploads\/2026\/04\/nggallery_import\/sroda_07-300x200.jpg",300,200,true],"medium_large":["https:\/\/spsiennica.pl\/wp-content\/uploads\/2026\/04\/nggallery_import\/sroda_07-768x512.jpg",768,512,true],"large":["https:\/\/spsiennica.pl\/wp-content\/uploads\/2026\/04\/nggallery_import\/sroda_07-1024x683.jpg",1024,683,true],"1536x1536":["https:\/\/spsiennica.pl\/wp-content\/uploads\/2026\/04\/nggallery_import\/sroda_07-1536x1024.jpg",1536,1024,true],"2048x2048":["https:\/\/spsiennica.pl\/wp-content\/uploads\/2026\/04\/nggallery_import\/sroda_07-2048x1365.jpg",2048,1365,true],"post-thumbnail":["https:\/\/spsiennica.pl\/wp-content\/uploads\/2026\/04\/nggallery_import\/sroda_07-700x480.jpg",700,480,true]},"uagb_author_info":{"display_name":"Przemys\u0142aw Kucharski","author_link":"https:\/\/spsiennica.pl\/index.php\/author\/przemek\/"},"uagb_comment_info":0,"uagb_excerpt":"[vc_row][vc_column][vc_column_text] \u015aroda w ramach Tygodnia Kreatywno\u015bci przebiega\u0142a pod has\u0142em \u201eTw\u00f3rcza wsp\u00f3\u0142praca \u2013 tworzymy galeri\u0119 Zbudowani z pomys\u0142\u00f3w\u201d i stanowi\u0142a wyj\u0105tkowy fina\u0142 dzia\u0142a\u0144, do kt\u00f3rych uczniowie przygotowywali si\u0119 przez kilka wcze\u015bniejszych tygodni. Ka\u017cda klasa stworzy\u0142a rze\u017ab\u0119 \u2013 symbol swojej grupy, kt\u00f3ra w kreatywny spos\u00f3b ukazywa\u0142a, jacy jeste\u015bmy, co nas wyr\u00f3\u017cnia, gdzie tkwi nasza si\u0142a oraz z&hellip;","_links":{"self":[{"href":"https:\/\/spsiennica.pl\/index.php\/wp-json\/wp\/v2\/posts\/57338","targetHints":{"allow":["GET"]}}],"collection":[{"href":"https:\/\/spsiennica.pl\/index.php\/wp-json\/wp\/v2\/posts"}],"about":[{"href":"https:\/\/spsiennica.pl\/index.php\/wp-json\/wp\/v2\/types\/post"}],"author":[{"embeddable":true,"href":"https:\/\/spsiennica.pl\/index.php\/wp-json\/wp\/v2\/users\/2"}],"replies":[{"embeddable":true,"href":"https:\/\/spsiennica.pl\/index.php\/wp-json\/wp\/v2\/comments?post=57338"}],"version-history":[{"count":2,"href":"https:\/\/spsiennica.pl\/index.php\/wp-json\/wp\/v2\/posts\/57338\/revisions"}],"predecessor-version":[{"id":57363,"href":"https:\/\/spsiennica.pl\/index.php\/wp-json\/wp\/v2\/posts\/57338\/revisions\/57363"}],"wp:featuredmedia":[{"embeddable":true,"href":"https:\/\/spsiennica.pl\/index.php\/wp-json\/wp\/v2\/media\/57357"}],"wp:attachment":[{"href":"https:\/\/spsiennica.pl\/index.php\/wp-json\/wp\/v2\/media?parent=57338"}],"wp:term":[{"taxonomy":"category","embeddable":true,"href":"https:\/\/spsiennica.pl\/index.php\/wp-json\/wp\/v2\/categories?post=57338"},{"taxonomy":"post_tag","embeddable":true,"href":"https:\/\/spsiennica.pl\/index.php\/wp-json\/wp\/v2\/tags?post=57338"}],"curies":[{"name":"wp","href":"https:\/\/api.w.org\/{rel}","templated":true}]}}