{"id":57155,"date":"2026-04-17T10:06:47","date_gmt":"2026-04-17T08:06:47","guid":{"rendered":"https:\/\/spsiennica.pl\/?p=57155"},"modified":"2026-04-20T11:46:56","modified_gmt":"2026-04-20T09:46:56","slug":"wyroznienia-w-konkursie-lesny-album","status":"publish","type":"post","link":"https:\/\/spsiennica.pl\/index.php\/2026\/04\/17\/wyroznienia-w-konkursie-lesny-album\/","title":{"rendered":"Wyr\u00f3\u017cnienia w konkursie \u201eLe\u015bny album\u201d"},"content":{"rendered":"\n<p>17 kwietnia w ZSCKR w Siennicy R\u00f3\u017canej odby\u0142o si\u0119 uroczyste<br>rozstrzygni\u0119cie VIII edycji Wojew\u00f3dzkiego Konkursu Fotograficznego im.<br>Augusta Cieszkowskiego \u201eLe\u015bny album\u201d, kt\u00f3ry co roku przyci\u0105ga m\u0142odych<br>pasjonat\u00f3w fotografii i przyrody.<br>W\u015br\u00f3d 147 uczestnik\u00f3w z wojew\u00f3dztwa lubelskiego nasi uczniowie \u2013 Maja<br>Knap oraz Kuba Stasiuk \u2013 zdobyli wyr\u00f3\u017cnienia, reprezentuj\u0105c szko\u0142\u0119 i<br>prezentuj\u0105c swoje umiej\u0119tno\u015bci na wysokim poziomie.<br>Ich fotografie zosta\u0142y docenione przez jury za uwa\u017cn\u0105 obserwacj\u0119 natury,<br>ciekawe kadry oraz umiej\u0119tno\u015b\u0107 uchwycenia pi\u0119kna le\u015bnego krajobrazu.<br>Udzia\u0142 w konkursie by\u0142 nie tylko okazj\u0105 do sprawdzenia swoich si\u0142, ale<br>tak\u017ce do rozwijania pasji<br>i wra\u017cliwo\u015bci na otaczaj\u0105c\u0105 przyrod\u0119.<br>Serdecznie gratulujemy i trzymamy kciuki za kolejne fotograficzne kadry!<\/p>\n\n\n\n<p>Renata Malczewska<\/p>\n\n\n\n<!--more-->\n\n\n\nngg_shortcode_0_placeholder\n","protected":false},"excerpt":{"rendered":"<p>17 kwietnia w ZSCKR w Siennicy R\u00f3\u017canej odby\u0142o si\u0119 uroczysterozstrzygni\u0119cie VIII edycji Wojew\u00f3dzkiego Konkursu Fotograficznego im.Augusta Cieszkowskiego \u201eLe\u015bny album\u201d, kt\u00f3ry co roku przyci\u0105ga m\u0142odychpasjonat\u00f3w fotografii i przyrody.W\u015br\u00f3d 147 uczestnik\u00f3w z wojew\u00f3dztwa lubelskiego nasi uczniowie \u2013 MajaKnap oraz Kuba Stasiuk \u2013 zdobyli wyr\u00f3\u017cnienia, reprezentuj\u0105c szko\u0142\u0119 iprezentuj\u0105c swoje umiej\u0119tno\u015bci na wysokim poziomie.Ich fotografie zosta\u0142y docenione przez jury [&hellip;]<\/p>\n","protected":false},"author":2,"featured_media":57160,"comment_status":"closed","ping_status":"closed","sticky":false,"template":"","format":"standard","meta":{"ngg_post_thumbnail":34220,"footnotes":""},"categories":[74],"tags":[],"class_list":["post-57155","post","type-post","status-publish","format-standard","has-post-thumbnail","hentry","category-szkola-podstawowa"],"uagb_featured_image_src":{"full":["https:\/\/spsiennica.pl\/wp-content\/uploads\/2026\/04\/nggallery_import\/2-image003.jpg",2000,1500,false],"thumbnail":["https:\/\/spsiennica.pl\/wp-content\/uploads\/2026\/04\/nggallery_import\/2-image003-150x150.jpg",150,150,true],"medium":["https:\/\/spsiennica.pl\/wp-content\/uploads\/2026\/04\/nggallery_import\/2-image003-300x225.jpg",300,225,true],"medium_large":["https:\/\/spsiennica.pl\/wp-content\/uploads\/2026\/04\/nggallery_import\/2-image003-768x576.jpg",768,576,true],"large":["https:\/\/spsiennica.pl\/wp-content\/uploads\/2026\/04\/nggallery_import\/2-image003-1024x768.jpg",1024,768,true],"1536x1536":["https:\/\/spsiennica.pl\/wp-content\/uploads\/2026\/04\/nggallery_import\/2-image003-1536x1152.jpg",1536,1152,true],"2048x2048":["https:\/\/spsiennica.pl\/wp-content\/uploads\/2026\/04\/nggallery_import\/2-image003.jpg",2000,1500,false],"post-thumbnail":["https:\/\/spsiennica.pl\/wp-content\/uploads\/2026\/04\/nggallery_import\/2-image003-700x480.jpg",700,480,true]},"uagb_author_info":{"display_name":"Przemys\u0142aw Kucharski","author_link":"https:\/\/spsiennica.pl\/index.php\/author\/przemek\/"},"uagb_comment_info":0,"uagb_excerpt":"17 kwietnia w ZSCKR w Siennicy R\u00f3\u017canej odby\u0142o si\u0119 uroczysterozstrzygni\u0119cie VIII edycji Wojew\u00f3dzkiego Konkursu Fotograficznego im.Augusta Cieszkowskiego \u201eLe\u015bny album\u201d, kt\u00f3ry co roku przyci\u0105ga m\u0142odychpasjonat\u00f3w fotografii i przyrody.W\u015br\u00f3d 147 uczestnik\u00f3w z wojew\u00f3dztwa lubelskiego nasi uczniowie \u2013 MajaKnap oraz Kuba Stasiuk \u2013 zdobyli wyr\u00f3\u017cnienia, reprezentuj\u0105c szko\u0142\u0119 iprezentuj\u0105c swoje umiej\u0119tno\u015bci na wysokim poziomie.Ich fotografie zosta\u0142y docenione przez jury&hellip;","_links":{"self":[{"href":"https:\/\/spsiennica.pl\/index.php\/wp-json\/wp\/v2\/posts\/57155","targetHints":{"allow":["GET"]}}],"collection":[{"href":"https:\/\/spsiennica.pl\/index.php\/wp-json\/wp\/v2\/posts"}],"about":[{"href":"https:\/\/spsiennica.pl\/index.php\/wp-json\/wp\/v2\/types\/post"}],"author":[{"embeddable":true,"href":"https:\/\/spsiennica.pl\/index.php\/wp-json\/wp\/v2\/users\/2"}],"replies":[{"embeddable":true,"href":"https:\/\/spsiennica.pl\/index.php\/wp-json\/wp\/v2\/comments?post=57155"}],"version-history":[{"count":1,"href":"https:\/\/spsiennica.pl\/index.php\/wp-json\/wp\/v2\/posts\/57155\/revisions"}],"predecessor-version":[{"id":57161,"href":"https:\/\/spsiennica.pl\/index.php\/wp-json\/wp\/v2\/posts\/57155\/revisions\/57161"}],"wp:featuredmedia":[{"embeddable":true,"href":"https:\/\/spsiennica.pl\/index.php\/wp-json\/wp\/v2\/media\/57160"}],"wp:attachment":[{"href":"https:\/\/spsiennica.pl\/index.php\/wp-json\/wp\/v2\/media?parent=57155"}],"wp:term":[{"taxonomy":"category","embeddable":true,"href":"https:\/\/spsiennica.pl\/index.php\/wp-json\/wp\/v2\/categories?post=57155"},{"taxonomy":"post_tag","embeddable":true,"href":"https:\/\/spsiennica.pl\/index.php\/wp-json\/wp\/v2\/tags?post=57155"}],"curies":[{"name":"wp","href":"https:\/\/api.w.org\/{rel}","templated":true}]}}