{"id":31692,"date":"2021-06-21T13:25:22","date_gmt":"2021-06-21T11:25:22","guid":{"rendered":"http:\/\/spsiennica.pl\/?p=31692"},"modified":"2021-06-21T13:25:22","modified_gmt":"2021-06-21T11:25:22","slug":"projekt-todzialamy-zakonczony","status":"publish","type":"post","link":"https:\/\/spsiennica.pl\/index.php\/2021\/06\/21\/projekt-todzialamy-zakonczony\/","title":{"rendered":"Projekt \u201eTO(dzia\u0142a)MY!\u201d zako\u0144czony"},"content":{"rendered":"<p>[vc_row][vc_column][vc_column_text]<\/p>\r\n<p>Zako\u0144czyli\u015bmy realizacj\u0119 dzia\u0142a\u0144 podj\u0119tych w ramach og\u00f3lnopolskiego projektu edukacyjno-spo\u0142ecznego UNICEF Polska i Fundacji Santander Bank Polska \u2013 \u201eTO(dzia\u0142a)MY!<\/p>\r\n<p><strong>Cele projektu:<\/strong><\/p>\r\n<ul>\r\n<li>kszta\u0142towanie postawy zaanga\u017cowania spo\u0142ecznego w\u015br\u00f3d dzieci i m\u0142odzie\u017cy<\/li>\r\n<li>zwr\u00f3cenie uwagi m\u0142odego pokolenia na potrzeby swojego najbli\u017cszego otoczenia,<\/li>\r\n<li style=\"text-align: left;\">budowanie \u015bwiadomo\u015bci m\u0142odych ludzi w obszarach zwi\u0105zanych z ekologi\u0105, zdrowiem i edukacj\u0105.<\/li>\r\n<\/ul>\r\n<p>W ramach projektu podj\u0119li\u015bmy si\u0119 realizacji jednego z zaproponowanych obszar\u00f3w tematycznych &#8211; ZDROWIE I SPORT. Wybrali\u015bmy ten obszar&nbsp; m.in. ze wzgl\u0119du pandemi\u0119 i konieczno\u015b\u0107 zatroszczenia si\u0119 o nasze zdrowie psychiczne i fizyczne, kt\u00f3re podczas nauczania zdalnego w przypadku wielu uczni\u00f3w uleg\u0142o pogorszeniu. Brak aktywno\u015bci fizycznej i izolacja spo\u0142eczna nie s\u0142u\u017cy\u0142a uczniom, powodowa\u0142a problemy z utrzymaniem prawid\u0142owej postawy, wagi oraz wyobcowanie spo\u0142eczne.<!--more--><\/p>\r\n<p>Do projektu zostali zaanga\u017cowani uczniowie klasy 4a, kt\u00f3rzy poprzez zaplanowane przez siebie dzia\u0142ania starali si\u0119 pokaza\u0107 swoim kole\u017cankom i kolegom&nbsp; znaczenie odpowiedniej diety i ruchu oraz zach\u0119ci\u0107 ich do zdrowego stylu \u017cycia. Prace rozpocz\u0119li\u015bmy od zapoznania si\u0119 z zasadami pracy metod\u0105 projektu, ustalenia planu i harmonogramu dzia\u0142a\u0144 oraz podzia\u0142u na zespo\u0142y zadaniowe.<\/p>\r\n\r\n<p>Zaplanowali\u015bmy i zrealizowali\u015bmy nast\u0119puj\u0105ce dzia\u0142ania:<\/p>\r\n<ol>\r\n<li>Przygotowanie plakat\u00f3w promuj\u0105cych zdrowe od\u017cywianie i umieszczeni i ich na stronie szko\u0142y.<\/li>\r\n<li>Przygotowanie prezentacji o zdrowym od\u017cywianiu i przekazanie ich uczniom z innych klas.<\/li>\r\n<li>Przeprowadzenie warsztat\u00f3w o zdrowym od\u017cywianiu przez pedagoga szkolnego.<\/li>\r\n<li>Nagranie filmik\u00f3w z przyk\u0142adowymi przepisami na zdrowe przek\u0105ski i umieszczenie ich na stronie szko\u0142y.<\/li>\r\n<li>Przeprowadzenie akcji zach\u0119caj\u0105cej uczni\u00f3w do aktywno\u015bci fizycznej.<\/li>\r\n<li>Przeprowadzenie zaj\u0119\u0107 po\u015bwi\u0119conych radzeniu sobie ze stresem przez pedagoga szkolnego.<\/li>\r\n<li>Udzia\u0142 w akcji &#8220;Dzie\u0144 Bezpiecznego Internetu &#8211; DBI&#8221;.<\/li>\r\n<li>Zorganizowanie kampanii spo\u0142ecznej &#8220;Bezpieczni w sieci&#8221; \u2013 uczniowie klas \u00f3smych.<\/li>\r\n<\/ol>\r\n\r\n<p>Ostatnim elementem pracy nad projektem by\u0142o podsumowanie stopnia jego realizacji, ocena wynik\u00f3w pracy uczni\u00f3w i ewaluacja. Udzia\u0142 w projekcie da\u0142 uczniom wiele rado\u015bci i satysfakcji z przebiegu dzia\u0142a\u0144 i efekt\u00f3w ich pracy. Pomimo m\u0142odego wieku (4 klasa) oraz nauczania zdalnego uda\u0142o si\u0119 zrealizowa\u0107 wszystkie zaplanowane dzia\u0142ania. Mamy nadziej\u0119, \u017ce wp\u0142yn\u0119\u0142y one na zmian\u0119 trybu \u017cycia i zach\u0119ci\u0142y uczni\u00f3w do podejmowania kolejnych krok\u00f3w w celu poprawy stanu swojego zdrowia.<\/p>\r\n<p>[\/vc_column_text][\/vc_column][\/vc_row][vc_row][vc_column][vc_single_image image=&#8221;31694&#8243; img_size=&#8221;large&#8221; alignment=&#8221;center&#8221; onclick=&#8221;img_link_large&#8221; img_link_target=&#8221;_blank&#8221;][\/vc_column][\/vc_row]<\/p>","protected":false},"excerpt":{"rendered":"<p>[vc_row][vc_column][vc_column_text] Zako\u0144czyli\u015bmy realizacj\u0119 dzia\u0142a\u0144 podj\u0119tych w ramach og\u00f3lnopolskiego projektu edukacyjno-spo\u0142ecznego UNICEF Polska i Fundacji Santander Bank Polska \u2013 \u201eTO(dzia\u0142a)MY! Cele projektu: kszta\u0142towanie postawy zaanga\u017cowania spo\u0142ecznego w\u015br\u00f3d dzieci i m\u0142odzie\u017cy zwr\u00f3cenie uwagi m\u0142odego pokolenia na potrzeby swojego najbli\u017cszego otoczenia, budowanie \u015bwiadomo\u015bci m\u0142odych ludzi w obszarach zwi\u0105zanych z ekologi\u0105, zdrowiem i edukacj\u0105. W ramach projektu podj\u0119li\u015bmy si\u0119 [&hellip;]<\/p>\n","protected":false},"author":1,"featured_media":31694,"comment_status":"closed","ping_status":"closed","sticky":false,"template":"","format":"standard","meta":{"ngg_post_thumbnail":0,"footnotes":""},"categories":[74],"tags":[],"class_list":["post-31692","post","type-post","status-publish","format-standard","has-post-thumbnail","hentry","category-szkola-podstawowa"],"uagb_featured_image_src":{"full":["https:\/\/spsiennica.pl\/wp-content\/uploads\/2021\/06\/dyplom-TOdzialaMY.jpg",1240,1755,false],"thumbnail":["https:\/\/spsiennica.pl\/wp-content\/uploads\/2021\/06\/dyplom-TOdzialaMY-150x150.jpg",150,150,true],"medium":["https:\/\/spsiennica.pl\/wp-content\/uploads\/2021\/06\/dyplom-TOdzialaMY-212x300.jpg",212,300,true],"medium_large":["https:\/\/spsiennica.pl\/wp-content\/uploads\/2021\/06\/dyplom-TOdzialaMY-768x1087.jpg",768,1087,true],"large":["https:\/\/spsiennica.pl\/wp-content\/uploads\/2021\/06\/dyplom-TOdzialaMY-724x1024.jpg",724,1024,true],"1536x1536":["https:\/\/spsiennica.pl\/wp-content\/uploads\/2021\/06\/dyplom-TOdzialaMY-1085x1536.jpg",1085,1536,true],"2048x2048":["https:\/\/spsiennica.pl\/wp-content\/uploads\/2021\/06\/dyplom-TOdzialaMY.jpg",1240,1755,false],"post-thumbnail":["https:\/\/spsiennica.pl\/wp-content\/uploads\/2021\/06\/dyplom-TOdzialaMY-700x480.jpg",700,480,true]},"uagb_author_info":{"display_name":"admin","author_link":"https:\/\/spsiennica.pl\/index.php\/author\/admin\/"},"uagb_comment_info":0,"uagb_excerpt":"[vc_row][vc_column][vc_column_text] Zako\u0144czyli\u015bmy realizacj\u0119 dzia\u0142a\u0144 podj\u0119tych w ramach og\u00f3lnopolskiego projektu edukacyjno-spo\u0142ecznego UNICEF Polska i Fundacji Santander Bank Polska \u2013 \u201eTO(dzia\u0142a)MY! Cele projektu: kszta\u0142towanie postawy zaanga\u017cowania spo\u0142ecznego w\u015br\u00f3d dzieci i m\u0142odzie\u017cy zwr\u00f3cenie uwagi m\u0142odego pokolenia na potrzeby swojego najbli\u017cszego otoczenia, budowanie \u015bwiadomo\u015bci m\u0142odych ludzi w obszarach zwi\u0105zanych z ekologi\u0105, zdrowiem i edukacj\u0105. W ramach projektu podj\u0119li\u015bmy si\u0119&hellip;","_links":{"self":[{"href":"https:\/\/spsiennica.pl\/index.php\/wp-json\/wp\/v2\/posts\/31692","targetHints":{"allow":["GET"]}}],"collection":[{"href":"https:\/\/spsiennica.pl\/index.php\/wp-json\/wp\/v2\/posts"}],"about":[{"href":"https:\/\/spsiennica.pl\/index.php\/wp-json\/wp\/v2\/types\/post"}],"author":[{"embeddable":true,"href":"https:\/\/spsiennica.pl\/index.php\/wp-json\/wp\/v2\/users\/1"}],"replies":[{"embeddable":true,"href":"https:\/\/spsiennica.pl\/index.php\/wp-json\/wp\/v2\/comments?post=31692"}],"version-history":[{"count":9,"href":"https:\/\/spsiennica.pl\/index.php\/wp-json\/wp\/v2\/posts\/31692\/revisions"}],"predecessor-version":[{"id":31702,"href":"https:\/\/spsiennica.pl\/index.php\/wp-json\/wp\/v2\/posts\/31692\/revisions\/31702"}],"wp:featuredmedia":[{"embeddable":true,"href":"https:\/\/spsiennica.pl\/index.php\/wp-json\/wp\/v2\/media\/31694"}],"wp:attachment":[{"href":"https:\/\/spsiennica.pl\/index.php\/wp-json\/wp\/v2\/media?parent=31692"}],"wp:term":[{"taxonomy":"category","embeddable":true,"href":"https:\/\/spsiennica.pl\/index.php\/wp-json\/wp\/v2\/categories?post=31692"},{"taxonomy":"post_tag","embeddable":true,"href":"https:\/\/spsiennica.pl\/index.php\/wp-json\/wp\/v2\/tags?post=31692"}],"curies":[{"name":"wp","href":"https:\/\/api.w.org\/{rel}","templated":true}]}}